{"id":3013,"date":"2026-04-01T12:30:22","date_gmt":"2026-04-01T11:30:22","guid":{"rendered":"https:\/\/agepoly.ch\/?p=3013"},"modified":"2026-04-01T12:30:25","modified_gmt":"2026-04-01T11:30:25","slug":"prochaine-assemblee-generale-extraordinaire-14-avril-2026","status":"publish","type":"post","link":"https:\/\/agepoly.ch\/en\/2026\/04\/01\/prochaine-assemblee-generale-extraordinaire-14-avril-2026\/","title":{"rendered":"Prochaine Assembl\u00e9e G\u00e9n\u00e9rale Extraordinaire: 14 avril 2026"},"content":{"rendered":"<p>L\u2019AGEPoly tiendra sa prochaine Assembl\u00e9e G\u00e9n\u00e9rale Extraordinaire le\u00a0mardi 14 avril 2026 \u00e0 18h15\u00a0<strong>en CO1<\/strong>. Cette AGE est convoqu\u00e9e conform\u00e9ment \u00e0 l\u2019article 13 alin\u00e9a 2 des statuts par une demande d\u2019un vingti\u00e8me des membres. Ainsi, plus de 580 membres de l\u2019AGEPoly ont demand\u00e9 \u00e0 convoquer une assembl\u00e9e g\u00e9n\u00e9rale avec l\u2019ordre du jour suivant.\u00a0\u00a0<\/p>\n\n\n\n<p>We will use the voting procedures outlined in the voting procedures section.<\/p>\n\n\n\n<p>The documents are available in the documents section below.<\/p>\n\n\n\n<h3 class=\"wp-block-heading\">Agenda<\/h3>\n\n\n\n<ol class=\"wp-block-list\">\n<li>Welcome and explanation of how the General Assembly works<\/li>\n\n\n\n<li>Election of the scrutineers<\/li>\n\n\n\n<li>Support for the Palestinian cultural and academic boycott campaign &amp; promoting it at EPFL<\/li>\n\n\n\n<li>Commitment to defending the exercise of fundamental rights on campus and, in this vein, financial support for students facing criminal and disciplinary proceedings initiated by EPFL following the Vivapoly counter-demonstration<\/li>\n\n\n\n<li>Miscellaneous<\/li>\n<\/ol>\n\n\n\n<h3 class=\"wp-block-heading\">Items to be voted on<\/h3>\n\n\n\n<ol class=\"wp-block-list\">\n<li>Election of the scrutineers<\/li>\n\n\n\n<li>Support for the Palestinian cultural and academic boycott campaign &amp; promoting it at EPFL<\/li>\n\n\n\n<li>Commitment to defending the exercise of fundamental rights on campus and, in this vein, financial support for students facing criminal and disciplinary proceedings initiated by EPFL following the Vivapoly counter-demonstration<\/li>\n<\/ol>\n\n\n\n<h3 class=\"wp-block-heading\">Voting Procedures<\/h3>\n\n\n\n<p>Les votes seront organis\u00e9s par voie \u00e9lectronique. Pour cela, tu auras besoin d\u2019un ordinateur ou d\u2019un t\u00e9l\u00e9phone. N\u2019h\u00e9site pas \u00e0 nous \u00e9crire si tu ne peux pas t\u2019en procurer un le jour de l\u2019AG. Toutes les informations concernant l\u2019utilisation seront pr\u00e9sent\u00e9es en d\u00e9but d\u2019AG. Pour voter, il faut \u00eatre pr\u00e9sent dans la salle.<\/p>\n\n\n\n<p><\/p>","protected":false},"excerpt":{"rendered":"<p>L\u2019AGEPoly tiendra sa prochaine Assembl\u00e9e G\u00e9n\u00e9rale Extraordinaire le\u00a0mardi 14 avril 2026 \u00e0 18h15\u00a0en CO1. Cette AGE est convoqu\u00e9e conform\u00e9ment \u00e0 l\u2019article 13 alin\u00e9a 2 des statuts par une demande d\u2019un vingti\u00e8me des membres. Ainsi, plus de 580 membres de l\u2019AGEPoly ont demand\u00e9 \u00e0 convoquer une assembl\u00e9e g\u00e9n\u00e9rale avec l\u2019ordre du jour suivant.\u00a0\u00a0 Nous utiliserons les&hellip;&nbsp;<a href=\"https:\/\/agepoly.ch\/en\/2026\/04\/01\/prochaine-assemblee-generale-extraordinaire-14-avril-2026\/\" class=\"\" rel=\"bookmark\">Read More &raquo;<span class=\"screen-reader-text\">Prochaine Assembl\u00e9e G\u00e9n\u00e9rale Extraordinaire: 14 avril 2026<\/span><\/a><\/p>","protected":false},"author":1,"featured_media":0,"comment_status":"closed","ping_status":"open","sticky":false,"template":"","format":"standard","meta":{"neve_meta_sidebar":"","neve_meta_container":"","neve_meta_enable_content_width":"","neve_meta_content_width":0,"neve_meta_title_alignment":"","neve_meta_author_avatar":"","neve_post_elements_order":"","neve_meta_disable_header":"","neve_meta_disable_footer":"","neve_meta_disable_title":"","_themeisle_gutenberg_block_has_review":false,"footnotes":""},"categories":[11],"tags":[],"class_list":["post-3013","post","type-post","status-publish","format-standard","hentry","category-ag"],"_links":{"self":[{"href":"https:\/\/agepoly.ch\/en\/wp-json\/wp\/v2\/posts\/3013","targetHints":{"allow":["GET"]}}],"collection":[{"href":"https:\/\/agepoly.ch\/en\/wp-json\/wp\/v2\/posts"}],"about":[{"href":"https:\/\/agepoly.ch\/en\/wp-json\/wp\/v2\/types\/post"}],"author":[{"embeddable":true,"href":"https:\/\/agepoly.ch\/en\/wp-json\/wp\/v2\/users\/1"}],"replies":[{"embeddable":true,"href":"https:\/\/agepoly.ch\/en\/wp-json\/wp\/v2\/comments?post=3013"}],"version-history":[{"count":1,"href":"https:\/\/agepoly.ch\/en\/wp-json\/wp\/v2\/posts\/3013\/revisions"}],"predecessor-version":[{"id":3015,"href":"https:\/\/agepoly.ch\/en\/wp-json\/wp\/v2\/posts\/3013\/revisions\/3015"}],"wp:attachment":[{"href":"https:\/\/agepoly.ch\/en\/wp-json\/wp\/v2\/media?parent=3013"}],"wp:term":[{"taxonomy":"category","embeddable":true,"href":"https:\/\/agepoly.ch\/en\/wp-json\/wp\/v2\/categories?post=3013"},{"taxonomy":"post_tag","embeddable":true,"href":"https:\/\/agepoly.ch\/en\/wp-json\/wp\/v2\/tags?post=3013"}],"curies":[{"name":"wp","href":"https:\/\/api.w.org\/{rel}","templated":true}]}}